{"id":1269,"date":"2023-05-31T19:43:30","date_gmt":"2023-05-31T19:43:30","guid":{"rendered":"https:\/\/www.batlleferrerabogados.com\/?p=1269"},"modified":"2023-05-31T19:43:30","modified_gmt":"2023-05-31T19:43:30","slug":"lasseguranca-de-vida-de-prima-unica","status":"publish","type":"post","link":"https:\/\/www.batlleferrerabogados.com\/ca\/lasseguranca-de-vida-de-prima-unica\/","title":{"rendered":"L&#8217;ASSEGURAN\u00c7A DE VIDA DE PRIMA \u00daNICA"},"content":{"rendered":"<h2><strong>L&#8217;ASSEGURAN\u00c7A DE VIDA DE PRIMA \u00daNICA<\/strong><\/h2>\n<p><span style=\"font-weight: 400;\">Anteriorment vam parlar sobre la Nul\u00b7litat de l&#8217;asseguran\u00e7a de vida vinculat al pr\u00e9stec hipotecari, i en aquest article es feia refer\u00e8ncia al tipus d&#8217;asseguran\u00e7a de vida de prima \u00fanica. Doncs b\u00e9, en aquest article ens endinsarem m\u00e9s profundament en aquesta mena d&#8217;assegurances.<\/span><\/p>\n<p><span style=\"font-weight: 400;\">En aquest sentit, hem de dir que les assegurances de vida i de risc signats amb prima \u00fanica per imposici\u00f3 de l&#8217;entitat financera estan comen\u00e7ant a ser, cada vegada m\u00e9s, objecte d&#8217;inter\u00e8s dels tribunals de Just\u00edcia, els quals tendeixen a donar la ra\u00f3 als consumidors, considerant que la formula d&#8217;inclusi\u00f3 en el pr\u00e9stec hipotecari \u00e9s abusiu, amb la conseg\u00fcent nul\u00b7litat de la cl\u00e0usula del pr\u00e9stec deixant aquesta asseguran\u00e7a sense efecte i condemnant a les entitats a retornar la quantitat corresponent abonada pel consumidor fins a la seva declaraci\u00f3 de nul\u00b7litat, afegint tots els interessos i costos derivats d&#8217;aquesta asseguran\u00e7a.<\/span><span style=\"font-weight: 400;\"><br \/>\n<\/span><span style=\"font-weight: 400;\"><br \/>\n<\/span><b><\/b><\/p>\n<h2><b>QU\u00c8 DIU LA\u00a0JURSIPRUDENCIA\u00a0SOBRE AQUEST TEMA?<\/b><\/h2>\n<p><span style=\"font-weight: 400;\"><br \/>\n<\/span><span style=\"font-weight: 400;\">Reiterada jurisprud\u00e8ncia ha establert que les entitats poden arribar a sol\u00b7licitar al consumidor que aquest, tingui una asseguran\u00e7a de vida amb la finalitat de garantir el pagament de les seves obligacions, per\u00f2 el consumidor \u00e9s lliure de triar la Companyia asseguradora amb qui fer-lo efectiu, en cap cas l&#8217;entitat financera podr\u00e0 unilateralment imposar que l&#8217;asseguran\u00e7a es contracti amb ells.<\/span><span style=\"font-weight: 400;\"><\/p>\n<p><\/span><\/p>\n<p><span style=\"font-weight: 400;\">A tall d&#8217;exemple, la <\/span><b>Sent\u00e8ncia 306\/2022 de l&#8217;Audi\u00e8ncia Provincial de Saragossa, de 2 de mar\u00e7 de 2022,<\/b><span style=\"font-weight: 400;\"> posa de manifest que: \u00ab<\/span><i><span style=\"font-weight: 400;\">La forma de pagament de les assegurances \u00e9s transcendental perqu\u00e8 el client conegui en quina mesura podr\u00e0 desvincular-se i les seves conseq\u00fc\u00e8ncies. El preu, la prima, \u00e9s essencial en les assegurances, i en incloure aquest import en el capital finan\u00e7at, tamb\u00e9 es converteix en element essencial del pr\u00e9stec hipotecari\u00bb. \u00c9s necessari explicar el client que aquesta forma de pagament de l&#8217;asseguran\u00e7a suposa que encara que desisteixi o resolgui els contractes d&#8217;asseguran\u00e7a, no es reduir\u00e0 la quota del pr\u00e9stec hipotecari, perqu\u00e8 no consta que es retorni la prima o es reconstrueixi el quadre d&#8217;amortitzaci\u00f3. La forma de pagament de les primes com una quantitat total avan\u00e7ada i finan\u00e7ada suposa un cost econ\u00f2mic en el contracte, que ha d&#8217;explicar-se. A m\u00e9s, no consta que s&#8217;hagi donat una alternativa de pagament d&#8217;aquestes assegurances sense finan\u00e7ament ni que s&#8217;hagi informat del cost que suposa el pagament anticipat finan\u00e7at respecte de l&#8217;ajornament de les quotes sense finan\u00e7ament<\/span><\/i><span style=\"font-weight: 400;\">.\u00bb<\/span><span style=\"font-weight: 400;\"><br \/>\n<\/span><span style=\"font-weight: 400;\"><br \/>\n<\/span><b><\/b><\/p>\n<h2><b>QUINS PERJUDICIS CAUSA AL CONSUMIDOR L&#8217;ASSEGURAN\u00c7A DE PRIMA \u00daNICA?<\/b><\/h2>\n<p><span style=\"font-weight: 400;\"><br \/>\n<\/span><span style=\"font-weight: 400;\">\u2192<\/span><span style=\"font-weight: 400;\"> L&#8217;entitat financera, no proporciona abans de la subscripci\u00f3 del contracte la informaci\u00f3 necess\u00e0ria i clara relativa al cost total de l&#8217;asseguran\u00e7a vinculada.<\/span><\/p>\n<p><span style=\"font-weight: 400;\">\u2192<\/span><span style=\"font-weight: 400;\"> El consumidor ha de pagar per endavant el cost de l&#8217;esmentat segur, el qual ha de cobrir la durada total o parcial de la hipoteca.<\/span><\/p>\n<p><span style=\"font-weight: 400;\">\u2192<\/span><span style=\"font-weight: 400;\"> Es produeix un augment del capital concedit del pr\u00e9stec, originant sobre el consumidor un pagament m\u00e9s elevat d&#8217;interessos, incrementant-se aix\u00ed not\u00f2riament el cost total de l&#8217;operaci\u00f3.<\/span><\/p>\n<p><span style=\"font-weight: 400;\">\u2192<\/span><span style=\"font-weight: 400;\"> L&#8217;entitat imposa aquesta asseguran\u00e7a privant aix\u00ed al consumidor de poder triar una prima d&#8217;asseguran\u00e7a m\u00e9s barata, o el canvi d&#8217;asseguradora si s&#8217;aconsegueix obtenir una millor oferta.<\/span><\/p>\n<h2><span style=\"font-weight: 400;\"><br \/>\n<\/span><b>CANCEL\u00b7LAR L&#8217;ASSEGURAN\u00c7A DE VIDA DE PRIMA \u00daNICA<\/b><\/h2>\n<p><span style=\"font-weight: 400;\"><br \/>\n<\/span><span style=\"font-weight: 400;\">De la mateixa manera que qualsevol p\u00f2lissa de vida pot ser cancel\u00b7lada, les de prima \u00fanica no s\u00f3n una excepci\u00f3. Hem de tenir present que, les assegurances de vida per a pr\u00e9stecs mai s\u00f3n obligatoris, per tant, el consumidor pot decidir entre no contractar-los o b\u00e9 cancel\u00b7lar-los.<\/span><\/p>\n<p><span style=\"font-weight: 400;\">En aquest sentit, si \u00e9s possible cancel\u00b7lar una asseguran\u00e7a de vida de prima \u00fanica en el cas que l&#8217;hagis contractat i no hagin passat 30 dies, retornant-se aix\u00ed els diners pagats al consumidor.<\/span><\/p>\n<p><span style=\"font-weight: 400;\">Cal dir que, els m\u00e0xims diners que poden cobrar-te \u00e9s el corresponent als dies que la p\u00f2lissa ha estat activa. Si es cancel\u00b7la l&#8217;asseguran\u00e7a de vida de posteriorment, es podr\u00e0 sol\u00b7licitar la devoluci\u00f3 de la prima corresponent al temps en qu\u00e8 no s&#8217;est\u00e0 cobert.<\/span><\/p>\n<h2><span style=\"font-weight: 400;\">De manera que, l&#8217;\u00fanic requisit \u00e9s sol\u00b7licitar l&#8217;anul\u00b7laci\u00f3 abans dels primers 30 dies de la contractaci\u00f3 de l&#8217;asseguran\u00e7a i per escrit a la companyia, per la qual cosa s&#8217;estar\u00e0 realitzant conforme a la llei de contracte d&#8217;asseguran\u00e7a i el banc estar\u00e0 obligat a anul\u00b7lar aquesta p\u00f2lissa.<\/span><span style=\"font-weight: 400;\"><br \/>\n<\/span><span style=\"font-weight: 400;\"><br \/>\n<\/span><b><\/b><\/h2>\n<h2><b>ADVOCATS EXPERTS EN DRET BANCARI<\/b><\/h2>\n<p><span style=\"font-weight: 400;\"><br \/>\n<\/span><span style=\"font-weight: 400;\">En\u00a0BATLLE\u00a0FERRER\u00a0ABOGADOS\u00a0som advocats especialistes en Dret Bancari i comptem amb m\u00e9s de 10 anys d&#8217;experi\u00e8ncia en la defensa dels consumidors en tot tipus de contractes bancaris (pr\u00e9stecs hipotecaris, defensa en execucions hipotec\u00e0ries, cl\u00e0usules abusives\u2026). Si has signat un pr\u00e9stec amb productes vinculats o t&#8217;han fet pagar una asseguran\u00e7a de vida amb una prima \u00fanica, pots consultar-nos sense cap mena de comprom\u00eds i t&#8217;analitzarem el teu cas.<\/span><\/p>\n","protected":false},"excerpt":{"rendered":"<p>L&#8217;ASSEGURAN\u00c7A DE VIDA DE PRIMA \u00daNICA Anteriorment vam parlar sobre la Nul\u00b7litat de l&#8217;asseguran\u00e7a de vida vinculat al pr\u00e9stec hipotecari, i en aquest article es feia refer\u00e8ncia al tipus d&#8217;asseguran\u00e7a de vida de prima \u00fanica. Doncs b\u00e9, en aquest article ens endinsarem m\u00e9s profundament en aquesta mena d&#8217;assegurances. En aquest sentit, hem de dir que [&#8230;]\n","protected":false},"author":2,"featured_media":1270,"comment_status":"open","ping_status":"closed","sticky":false,"template":"","format":"standard","meta":{"content-type":"","_joinchat":[],"footnotes":""},"categories":[29],"tags":[],"class_list":["post-1269","post","type-post","status-publish","format-standard","has-post-thumbnail","hentry","category-dret-bancari"],"_links":{"self":[{"href":"https:\/\/www.batlleferrerabogados.com\/ca\/wp-json\/wp\/v2\/posts\/1269","targetHints":{"allow":["GET"]}}],"collection":[{"href":"https:\/\/www.batlleferrerabogados.com\/ca\/wp-json\/wp\/v2\/posts"}],"about":[{"href":"https:\/\/www.batlleferrerabogados.com\/ca\/wp-json\/wp\/v2\/types\/post"}],"author":[{"embeddable":true,"href":"https:\/\/www.batlleferrerabogados.com\/ca\/wp-json\/wp\/v2\/users\/2"}],"replies":[{"embeddable":true,"href":"https:\/\/www.batlleferrerabogados.com\/ca\/wp-json\/wp\/v2\/comments?post=1269"}],"version-history":[{"count":2,"href":"https:\/\/www.batlleferrerabogados.com\/ca\/wp-json\/wp\/v2\/posts\/1269\/revisions"}],"predecessor-version":[{"id":1273,"href":"https:\/\/www.batlleferrerabogados.com\/ca\/wp-json\/wp\/v2\/posts\/1269\/revisions\/1273"}],"wp:featuredmedia":[{"embeddable":true,"href":"https:\/\/www.batlleferrerabogados.com\/ca\/wp-json\/wp\/v2\/media\/1270"}],"wp:attachment":[{"href":"https:\/\/www.batlleferrerabogados.com\/ca\/wp-json\/wp\/v2\/media?parent=1269"}],"wp:term":[{"taxonomy":"category","embeddable":true,"href":"https:\/\/www.batlleferrerabogados.com\/ca\/wp-json\/wp\/v2\/categories?post=1269"},{"taxonomy":"post_tag","embeddable":true,"href":"https:\/\/www.batlleferrerabogados.com\/ca\/wp-json\/wp\/v2\/tags?post=1269"}],"curies":[{"name":"wp","href":"https:\/\/api.w.org\/{rel}","templated":true}]}}