{"id":920,"date":"2022-05-23T11:11:11","date_gmt":"2022-05-23T11:11:11","guid":{"rendered":"https:\/\/www.batlleferrerabogados.com\/?p=920"},"modified":"2022-05-23T11:12:00","modified_gmt":"2022-05-23T11:12:00","slug":"projecte-reforma-llei-concursal-afecta-la-llei-segona-oportunitat","status":"publish","type":"post","link":"https:\/\/www.batlleferrerabogados.com\/ca\/projecte-reforma-llei-concursal-afecta-la-llei-segona-oportunitat\/","title":{"rendered":"Projecte de reforma de la Llei Concursal que afecta la Llei de Segona Oportunitat"},"content":{"rendered":"<p>Tal com exposa el text ref\u00f3s de la Llei Concursal (TRLC, d&#8217;ara endavant) en el seu pr\u00f2leg, \u201c<em>la hist\u00f2ria de la Llei Concursal \u00e9s la hist\u00f2ria de les seves reformes<\/em>\u201d. Aix\u00f2 \u00e9s aix\u00ed perqu\u00e8, des de l&#8217;entrada en vigor de la Llei Concursal l&#8217;any 2003, ha sofert innombrables reformes, sent la m\u00e9s recent el Projecte de Llei de reforma del TRLC, que s&#8217;estima que entri en vigor a mitjan present any.<\/p>\n<p>L&#8217;objectiu d&#8217;aquest Projecte de Llei \u00e9s la transposici\u00f3 de la Directiva de la UE 2019\/1023, que busca aportar una regulaci\u00f3 m\u00e9s completa i coherent al dret concursal.<\/p>\n<p>Aquesta reforma planteja q\u00fcestions de tota mena referents al procediment concursal, per\u00f2 en aquest article destacarem els punts que planteja per al procediment de segona oportunitat de persones f\u00edsiques no empres\u00e0ries:<\/p>\n<h2><strong>EL CR\u00c8DIT P\u00daBLIC QUEDA FORA DE L&#8217;EXONERACI\u00d3<\/strong><\/h2>\n<p>Seguint la regulaci\u00f3 del TRLC, es continua protegint el cr\u00e8dit p\u00fablic de la mateixa forma. Aquesta q\u00fcesti\u00f3 ha suscitat nombrosos problemes perqu\u00e8 no s&#8217;ajusta a l&#8217;estipulat en la Directiva europea, que s\u00ed que exonera el cr\u00e8dit p\u00fablic. La soluci\u00f3 actual es regeix pel criteri del Tribunal Suprem, tal com expliquem en el <a href=\"https:\/\/www.batlleferrerabogados.com\/ca\/es-possible-cancelar-deutes-publics-amb-llei-segona-oportunitat\/\">nostre article<\/a> que exonera el cr\u00e8dit p\u00fablic en virtut de la doctrina europea.<\/p>\n<p>Sembla evident que, per a eliminar aquest desajust entre la legislaci\u00f3 espanyola i l&#8217;europea, encara ha de tenir aquest Projecte molt recorregut per a poder oferir als deutors de bona fe una resposta a precisa i clara davant l&#8217;exoneraci\u00f3 del cr\u00e8dit p\u00fablic.<\/p>\n<h2><strong>QUEDA ELIMINAT L&#8217;ACORD EXTRAJUDICIAL DE PAGAMENTS<\/strong><\/h2>\n<p>El deutor ja no ha d&#8217;haver celebrat \u2013 o intentat celebrar \u2013 un acord extrajudicial de pagaments per a obtenir l&#8217;exoneraci\u00f3 dels seus deutes: \u00e9s a dir, ja no \u00e9s necess\u00e0ria la fase extrajudicial.<\/p>\n<h2><strong>COMPET\u00c8NCIA PER ALS JUTJATS MERCANTILS<\/strong><\/h2>\n<p>Els concursos de persona f\u00edsica no empres\u00e0ria tornen als Jutjats Mercantils, desapareixent, en conseq\u00fc\u00e8ncia, la compet\u00e8ncia dels Jutjats de Primera Inst\u00e0ncia.<\/p>\n<h2><strong>S&#8217;ELIMINA EL REQUISIT D&#8217;ABONAR UNA QUANTITAT M\u00cdNIMA DE DEUTES<\/strong><\/h2>\n<p>Per a l&#8217;obtenci\u00f3 de l&#8217;exoneraci\u00f3 dels deutes exonerables, ja no \u00e9s necessari haver abonat el corresponent als deutes no exonerables.<\/p>\n<h2><strong>NO S&#8217;EXIGEIX LA LIQUIDACI\u00d3 PR\u00c8VIA DEL PATRIMONI DEL DEUTOR<\/strong><\/h2>\n<p>Els deutors que disposin de b\u00e9ns ja no hauran de liquidar-los obligat\u00f2riament, i podran mantenir-los sobretot si aquests b\u00e9ns afavorissin a la seva recuperaci\u00f3 econ\u00f2mica o, per exemple, constitu\u00efssin el seu habitatge habitual.<\/p>\n<h2><strong>ADVOCATS LLEI SEGONA OPORTUNITAT A CORNELL\u00c0 DE LLOBREGAT<\/strong><\/h2>\n<p>Com has pogut observar, tant en aquest article del blog com en altres articles relatius a aquest mecanisme que hem escrit, el procediment de Llei de Segona Oportunitat \u00e9s un mecanisme complex, que requereix d&#8217;assessorament jur\u00eddic especialitzat. A BATLLE FERRER ADVOCATS \u00a0som un despatx jur\u00eddic de Cornell\u00e0 de Llobregat, especialistes en Dret Concursal i <a href=\"https:\/\/www.batlleferrerabogados.com\/ca\/segona-oportunitat-fora-deutes\/\">advocats especialistes en Llei de Segona Oportunitat<\/a>, amb m\u00e9s de 10 anys d&#8217;experi\u00e8ncia en el sector legal. No dubtis a contactar amb nosaltres i analitzarem el teu cas!<\/p>\n","protected":false},"excerpt":{"rendered":"<p>Tal com exposa el text ref\u00f3s de la Llei Concursal (TRLC, d&#8217;ara endavant) en el seu pr\u00f2leg, \u201cla hist\u00f2ria de la Llei Concursal \u00e9s la hist\u00f2ria de les seves reformes\u201d. Aix\u00f2 \u00e9s aix\u00ed perqu\u00e8, des de l&#8217;entrada en vigor de la Llei Concursal l&#8217;any 2003, ha sofert innombrables reformes, sent la m\u00e9s recent el Projecte [&#8230;]\n","protected":false},"author":2,"featured_media":916,"comment_status":"open","ping_status":"open","sticky":false,"template":"","format":"standard","meta":{"content-type":"","_joinchat":[],"footnotes":""},"categories":[37,44],"tags":[],"class_list":["post-920","post","type-post","status-publish","format-standard","has-post-thumbnail","hentry","category-dret-concursal","category-segunda-oportunidad-ca"],"_links":{"self":[{"href":"https:\/\/www.batlleferrerabogados.com\/ca\/wp-json\/wp\/v2\/posts\/920","targetHints":{"allow":["GET"]}}],"collection":[{"href":"https:\/\/www.batlleferrerabogados.com\/ca\/wp-json\/wp\/v2\/posts"}],"about":[{"href":"https:\/\/www.batlleferrerabogados.com\/ca\/wp-json\/wp\/v2\/types\/post"}],"author":[{"embeddable":true,"href":"https:\/\/www.batlleferrerabogados.com\/ca\/wp-json\/wp\/v2\/users\/2"}],"replies":[{"embeddable":true,"href":"https:\/\/www.batlleferrerabogados.com\/ca\/wp-json\/wp\/v2\/comments?post=920"}],"version-history":[{"count":1,"href":"https:\/\/www.batlleferrerabogados.com\/ca\/wp-json\/wp\/v2\/posts\/920\/revisions"}],"predecessor-version":[{"id":921,"href":"https:\/\/www.batlleferrerabogados.com\/ca\/wp-json\/wp\/v2\/posts\/920\/revisions\/921"}],"wp:featuredmedia":[{"embeddable":true,"href":"https:\/\/www.batlleferrerabogados.com\/ca\/wp-json\/wp\/v2\/media\/916"}],"wp:attachment":[{"href":"https:\/\/www.batlleferrerabogados.com\/ca\/wp-json\/wp\/v2\/media?parent=920"}],"wp:term":[{"taxonomy":"category","embeddable":true,"href":"https:\/\/www.batlleferrerabogados.com\/ca\/wp-json\/wp\/v2\/categories?post=920"},{"taxonomy":"post_tag","embeddable":true,"href":"https:\/\/www.batlleferrerabogados.com\/ca\/wp-json\/wp\/v2\/tags?post=920"}],"curies":[{"name":"wp","href":"https:\/\/api.w.org\/{rel}","templated":true}]}}